{"id":30,"date":"2020-01-04T22:20:09","date_gmt":"2020-01-04T22:20:09","guid":{"rendered":"https:\/\/beige-eagle-764392.hostingersite.com\/?p=30"},"modified":"2025-12-22T22:25:27","modified_gmt":"2025-12-22T22:25:27","slug":"tomasz-michniewicz-przeglad-ksiazek","status":"publish","type":"post","link":"https:\/\/www.danielwpodrozy.pl\/index.php\/2020\/01\/04\/tomasz-michniewicz-przeglad-ksiazek\/","title":{"rendered":"Tomasz Michniewicz \u2013 ksi\u0105\u017cki, kt\u00f3re warto przeczyta\u0107 (ranking i recenzje)"},"content":{"rendered":"<p class=\"font-claude-response-body break-words whitespace-normal leading-[1.7]\">Tomasz Michniewicz jest jednym z moich ulubionych, jak nie ulubionym podr\u00f3\u017cnikiem m\u0142odego pokolenia. Imponuje mi w nim to, \u017ce pomimo m\u0142odego wieku ma za sob\u0105 wiele nagr\u00f3d i wyr\u00f3\u017cnie\u0144. Za reporta\u017c o wi\u0119zieniu w San Quentin w Kalifornii otrzyma\u0142 g\u0142\u00f3wn\u0105 nagrod\u0119 w kategorii radio na Festiwalu Cywilizacji i Sztuki Medi\u00f3w Mediatravel. By\u0142 r\u00f3wnie\u017c nominowany do nagr\u00f3d National Geographic Travelery 2011 w kategorii Inicjatywa Spo\u0142eczna Roku za prowadzon\u0105 akcj\u0119 ratowania czarnych nosoro\u017cc\u00f3w afryka\u0144skich.<\/p>\n<p class=\"font-claude-response-body break-words whitespace-normal leading-[1.7]\">Od 2015 roku prowadzi gal\u0119 fina\u0142ow\u0105 rozdania nagr\u00f3d podr\u00f3\u017cniczych Kolosy.<\/p>\n<h2 class=\"text-text-100 mt-3 -mb-1 text-[1.125rem] font-bold\">Wszystkie ksi\u0105\u017cki Tomasza Michniewicza<\/h2>\n<p class=\"font-claude-response-body break-words whitespace-normal leading-[1.7]\">Tomasz Michniewicz ma w swoim dorobku zbi\u00f3r kilku ksi\u0105\u017cek. Na nich w\u0142a\u015bnie chcia\u0142bym si\u0119 skupi\u0107 w tym wpisie, bo na pewno ka\u017cda z nich, w wi\u0119kszym lub mniejszym stopniu, zas\u0142uguje na uznanie. Tomasz Michniewicz imponuje przede wszystkim oryginalnym podej\u015bciem do tematu i swoimi g\u0142\u0119bokimi przemy\u015bleniami i refleksjami.<\/p>\n<p class=\"font-claude-response-body break-words whitespace-normal leading-[1.7]\">Poni\u017cej przedstawiam recenzje ksi\u0105\u017cek <strong>od najmniej do najbardziej rekomendowanych<\/strong> przeze mnie. Dodam tylko, \u017ce ka\u017cd\u0105 ksi\u0105\u017ck\u0119 warto przeczyta\u0107.<\/p>\n<hr class=\"border-border-200 border-t-0.5 my-3 mx-1.5\" \/>\n<h2 class=\"text-text-100 mt-3 -mb-1 text-[1.125rem] font-bold\">5. Gor\u0105czka. W \u015bwiecie poszukiwaczy skarb\u00f3w (2011)<\/h2>\n<p class=\"font-claude-response-body break-words whitespace-normal leading-[1.7]\"><strong>Ocena:<\/strong> \u2b50\u2b50\u2b50\u2b50 4\/5<\/p>\n<p class=\"font-claude-response-body break-words whitespace-normal leading-[1.7]\">Ksi\u0105\u017cka w telegraficznym skr\u00f3cie opowiada o pogoni za pieni\u0119dzmi. Nie takimi zwyk\u0142ymi pieni\u0119dzmi, jak wielu z nas goni, pracuj\u0105c w nadgodzinach czy przyjmuj\u0105c dodatkowe zlecenia. To ksi\u0105\u017cka o fortunach, g\u00f3rach pieni\u0119dzy i skarb\u00f3w. O \u015bmia\u0142kach, kt\u00f3rzy cz\u0119sto \u0142ami\u0105c prawo i nara\u017caj\u0105c si\u0119 na wi\u0119zienia lub nawet kar\u0119 \u015bmierci, pr\u00f3bowali odnale\u017a\u0107 zaginione skarby.<\/p>\n<p class=\"font-claude-response-body break-words whitespace-normal leading-[1.7]\">Ciekawe jest to, \u017ce to by\u0142o naprawd\u0119. \u017badna z tych historii nie jest wyssana z palca. Ka\u017cda z przytoczonych przez autora opowie\u015bci ma swoje poparcie w dokumentach historycznych. Opr\u00f3cz licznych legend, kt\u00f3re r\u00f3wnie\u017c jako t\u0142o s\u0105 tam przytaczane. Ksi\u0105\u017cka czasem przera\u017caj\u0105ca, ale te\u017c obrazuj\u0105ca, jak wygl\u0105daj\u0105 np. prowincjonalne wi\u0119zienia w Azji.<\/p>\n<p class=\"font-claude-response-body break-words whitespace-normal leading-[1.7]\"><strong>Dla kogo:<\/strong> Szczeg\u00f3lnie dla os\u00f3b lubi\u0105cych filmy czy ksi\u0105\u017cki typu Indiana Jones. O ile w filmie mamy do czynienia z fabu\u0142\u0105 tworzon\u0105 przez re\u017cysera, to w ksi\u0105\u017cce opowiedziane historie dzia\u0142y si\u0119 NAPRAWD\u0118!<\/p>\n<hr class=\"border-border-200 border-t-0.5 my-3 mx-1.5\" \/>\n<h2 class=\"text-text-100 mt-3 -mb-1 text-[1.125rem] font-bold\">4. Samsara. Na drogach, kt\u00f3rych nie ma (2010)<\/h2>\n<p class=\"font-claude-response-body break-words whitespace-normal leading-[1.7]\"><strong>Ocena:<\/strong> \u2b50\u2b50\u2b50\u2b50 4\/5<\/p>\n<p class=\"font-claude-response-body break-words whitespace-normal leading-[1.7]\">Samsara \u2013 czyli w hinduizmie, d\u017cinizmie i buddyzmie termin dos\u0142ownie oznaczaj\u0105cy nieustanne w\u0119drowanie, ko\u0142owr\u00f3t narodzin i \u015bmierci, cykl reinkarnacji, kt\u00f3remu od niezmierzonego okresu podlegaj\u0105 wszystkie \u017cywe istoty, w\u0142\u0105cznie z istotami boskimi (dewy). Po ka\u017cdym kolejnym wcieleniu nast\u0119pne jest wybierane w zale\u017cno\u015bci od nagromadzonej karmy.<\/p>\n<p class=\"font-claude-response-body break-words whitespace-normal leading-[1.7]\">Tytu\u0142 ksi\u0105\u017cki trafnie opisuje jej zawarto\u015b\u0107. Autor opisuje w niej swoj\u0105 w\u0119dr\u00f3wk\u0119 (g\u0142\u00f3wnie autostopow\u0105) po Azji \u015brodkowo-wschodniej. Co jest bardzo interesuj\u0105ce w motywacji autora do opisywania rzeczywisto\u015bci? To, \u017ce chce on nam pokaza\u0107 \u015bwiat oczami lokalnej spo\u0142eczno\u015bci. Stara si\u0119 rozmawia\u0107 z lud\u017ami na miejscu. Obserwowa\u0107, jak si\u0119 zachowuj\u0105, co ich r\u00f3\u017cni od nas Europejczyk\u00f3w, jak postrzegaj\u0105 otaczaj\u0105c\u0105 ich rzeczywisto\u015b\u0107.<\/p>\n<p class=\"font-claude-response-body break-words whitespace-normal leading-[1.7]\">W ksi\u0105\u017cce mo\u017cemy znale\u017a\u0107 wiele opis\u00f3w miejsc z prowincjonalnych Indii. Wszystko okraszone jest wieloma zdj\u0119ciami.<\/p>\n<p class=\"font-claude-response-body break-words whitespace-normal leading-[1.7]\"><strong>Dla kogo:<\/strong> Dla os\u00f3b zainteresowanych tematyk\u0105 Azji \u015brodkowo-wschodniej. Mo\u017ce by\u0107 te\u017c dobrym poradnikiem, jak podr\u00f3\u017cowa\u0107 po tym rejonie \u015bwiata autostopem. Pokazane s\u0105 mapki, tipy jak nale\u017cy i nie nale\u017cy podr\u00f3\u017cowa\u0107. Autostop to dalej jedna z popularniejszych metod podr\u00f3\u017cowania.<\/p>\n<hr class=\"border-border-200 border-t-0.5 my-3 mx-1.5\" \/>\n<h2 class=\"text-text-100 mt-3 -mb-1 text-[1.125rem] font-bold\">3. Swoj\u0105 drog\u0105. Opowie\u015b\u0107 o trzech podr\u00f3\u017cach po inne \u017cycie (2014)<\/h2>\n<p class=\"font-claude-response-body break-words whitespace-normal leading-[1.7]\"><strong>Ocena:<\/strong> \u2b50\u2b50\u2b50\u2b50\u00bd 4,5\/5<\/p>\n<p class=\"font-claude-response-body break-words whitespace-normal leading-[1.7]\"><em>Swoj\u0105 drog\u0105<\/em> to ksi\u0105\u017cka pe\u0142na przemy\u015ble\u0144 i refleksji. Autor przemierza trzy zupe\u0142nie r\u00f3\u017cne od siebie rejony \u015bwiata: d\u017cungl\u0119 w Afryce, Arabi\u0119 Saudyjsk\u0105 i Stany Zjednoczone. Dodatkowo zabiera ze sob\u0105 w podr\u00f3\u017c jak\u017ce wa\u017cne dla siebie, ale zupe\u0142nie r\u00f3\u017cne osoby \u2013 swoj\u0105 \u017con\u0119, ojca i przyjaciela.<\/p>\n<p class=\"font-claude-response-body break-words whitespace-normal leading-[1.7]\">I ju\u017c to, co charakterystyczne dla autora, to jego przemy\u015blenia w ka\u017cdej z tych podr\u00f3\u017cy. Czyli jak r\u00f3\u017cny jest \u015bwiat. Nie jest wcale ani gorszy, ani lepszy \u2013 po prostu inny od tego, co na co dzie\u0144 widzimy.<\/p>\n<p class=\"font-claude-response-body break-words whitespace-normal leading-[1.7]\"><strong>Dla kogo:<\/strong> Dla os\u00f3b szukaj\u0105cych g\u0142\u0119bszych refleksji nad podr\u00f3\u017cowaniem i relacjami mi\u0119dzyludzkimi.<\/p>\n<hr class=\"border-border-200 border-t-0.5 my-3 mx-1.5\" \/>\n<h2 class=\"text-text-100 mt-3 -mb-1 text-[1.125rem] font-bold\">2. \u015awiat r\u00f3wnoleg\u0142y (2015)<\/h2>\n<p class=\"font-claude-response-body break-words whitespace-normal leading-[1.7]\"><strong>Ocena:<\/strong> \u2b50\u2b50\u2b50\u2b50\u2b50 5\/5<\/p>\n<p class=\"font-claude-response-body break-words whitespace-normal leading-[1.7]\"><em>\u015awiat r\u00f3wnoleg\u0142y<\/em> jest ksi\u0105\u017ck\u0105 bardzo brutaln\u0105. Autor bierze pod lup\u0119 turystyk\u0119 szeroko rozumian\u0105. Pokazuje obrazy, kt\u00f3rych nigdy nie zobaczy typowy turysta:<\/p>\n<ul class=\"[li_&amp;]:mb-0 [li_&amp;]:mt-1.5 [li_&amp;]:gap-1.5 [&amp;:not(:last-child)_ul]:pb-1 [&amp;:not(:last-child)_ol]:pb-1 list-disc flex flex-col gap-2 pl-8 mb-3\">\n<li class=\"whitespace-normal break-words pl-2\"><strong>Malediwy<\/strong> \u2013 niebia\u0144skie pla\u017ce, a po drugiej stronie oddalona o kilka kilometr\u00f3w wyspa \u015bmieci (tak zwany &#8222;podatek turystyczny&#8221;)<\/li>\n<li class=\"whitespace-normal break-words pl-2\"><strong>Przemys\u0142 rozrywkowy ze zwierz\u0119tami<\/strong> \u2013 autor bardzo brutalnie m\u00f3wi o tym, co si\u0119 robi dzi\u015b dla pieni\u0119dzy. Jak bardzo cz\u0119sto \u017ale traktowane s\u0105 zwierz\u0119ta, aby tury\u015bci mogli zrobi\u0107 sobie zdj\u0119cie ze lwem lub przejecha\u0107 si\u0119 na od urodzenia ci\u0119\u017cko i brutalnie tresowanym s\u0142oniu<\/li>\n<li class=\"whitespace-normal break-words pl-2\"><strong>Pakistan<\/strong> \u2013 dlaczego mamy si\u0119 ba\u0107 muzu\u0142man\u00f3w? Bo media nam powiedzia\u0142y, \u017ce s\u0105 \u017ali? Kiedy wcale tak nie jest. Autor przemierza odleg\u0142e rejony Pakistanu, by dowiedzie\u0107 si\u0119, jaka jest prawda<\/li>\n<\/ul>\n<p class=\"font-claude-response-body break-words whitespace-normal leading-[1.7]\">Ksi\u0105\u017cka szokuje, ale r\u00f3wnie\u017c przekazuje rzeczy, o kt\u00f3rych cz\u0119sto si\u0119 nie m\u00f3wi, nie pokazuje. Autor stoi w jawnej opozycji do wi\u0119kszo\u015bci dziennikarzy, kt\u00f3rzy szukaj\u0105 bardzo cz\u0119sto taniej sensacji i \u2013 powiedzmy sobie szczerze \u2013 oszukuj\u0105 ludzi.<\/p>\n<p class=\"font-claude-response-body break-words whitespace-normal leading-[1.7]\"><strong>Dla kogo:<\/strong> Dla ka\u017cdego, kto chce zobaczy\u0107 &#8222;drug\u0105 stron\u0119 medalu&#8221; turystyki.<\/p>\n<hr class=\"border-border-200 border-t-0.5 my-3 mx-1.5\" \/>\n<h2 class=\"text-text-100 mt-3 -mb-1 text-[1.125rem] font-bold\">1. Chrobot. \u017bycie najzwyklejszych ludzi \u015bwiata (2018)<\/h2>\n<p class=\"font-claude-response-body break-words whitespace-normal leading-[1.7]\"><strong>Ocena:<\/strong> \u2b50\u2b50\u2b50\u2b50\u2b50 5\/5 \u2013 <strong>MOJA REKOMENDACJA #1<\/strong><\/p>\n<p class=\"font-claude-response-body break-words whitespace-normal leading-[1.7]\"><em>Chrobot<\/em> osobi\u015bcie jest moim faworytem. To najnowsza ksi\u0105\u017cka Tomasza Michniewicza z 2018 roku. Ksi\u0105\u017cka opisuje \u017cycie siedmiu ludzi doros\u0142ych, ka\u017cdy z innego zak\u0105tka \u015bwiata:<\/p>\n<ul class=\"[li_&amp;]:mb-0 [li_&amp;]:mt-1.5 [li_&amp;]:gap-1.5 [&amp;:not(:last-child)_ul]:pb-1 [&amp;:not(:last-child)_ol]:pb-1 list-disc flex flex-col gap-2 pl-8 mb-3\">\n<li class=\"whitespace-normal break-words pl-2\"><strong>Uganda<\/strong> \u2013 Marggie<\/li>\n<li class=\"whitespace-normal break-words pl-2\"><strong>USA<\/strong> \u2013 Casey<\/li>\n<li class=\"whitespace-normal break-words pl-2\"><strong>Kolumbia<\/strong> \u2013 Juanita<\/li>\n<li class=\"whitespace-normal break-words pl-2\"><strong>Indie<\/strong> \u2013 Madhuri<\/li>\n<li class=\"whitespace-normal break-words pl-2\"><strong>Finlandia<\/strong> \u2013 Mika<\/li>\n<li class=\"whitespace-normal break-words pl-2\"><strong>Zimbabwe<\/strong> \u2013 Reilly<\/li>\n<li class=\"whitespace-normal break-words pl-2\"><strong>Japonia<\/strong> \u2013 Kanae<\/li>\n<\/ul>\n<p class=\"font-claude-response-body break-words whitespace-normal leading-[1.7]\">To wspomnienia ka\u017cdej z nich, z ka\u017cdego okresu \u017cycia. Pocz\u0105wszy od najwcze\u015bniejszych lat m\u0142odo\u015bci, a ko\u0144cz\u0105c na aktualnym &#8222;ustabilizowanym&#8221; okresie swojego \u017cycia.<\/p>\n<p class=\"font-claude-response-body break-words whitespace-normal leading-[1.7]\">Ksi\u0105\u017cka jest map\u0105 po kulturach z ka\u017cdego rejonu \u015bwiata. Pozwala nam lepiej zrozumie\u0107 innych ludzi, ich zachowania. Na zachowanie ka\u017cdego z nas sk\u0142ada si\u0119 wychowanie i przede wszystkim kultura, w kt\u00f3rej wyrastamy. <em>Chrobot<\/em> opisuje ludzi \u017cyj\u0105cych w tych samych czasach, ale post\u0119puj\u0105cych zupe\u0142nie inaczej. Te osoby nigdy si\u0119 nie spotka\u0142y.<\/p>\n<p class=\"font-claude-response-body break-words whitespace-normal leading-[1.7]\"><em>Chrobota<\/em> czyta si\u0119 szybko. Jest to opis \u017cycia zwyk\u0142ych ludzi. Ale jak niezwykle przedstawiony i otwieraj\u0105cy oczy na to, co poza nasz\u0105 kultur\u0105, krajem.<\/p>\n<p class=\"font-claude-response-body break-words whitespace-normal leading-[1.7]\"><strong>Dla kogo:<\/strong> Dla ka\u017cdego, kto chce lepiej zrozumie\u0107 \u015bwiat i ludzi z r\u00f3\u017cnych kultur.<\/p>\n<hr class=\"border-border-200 border-t-0.5 my-3 mx-1.5\" \/>\n<h2 class=\"text-text-100 mt-3 -mb-1 text-[1.125rem] font-bold\">Podsumowanie \u2013 dlaczego warto czyta\u0107 ksi\u0105\u017cki Tomasza Michniewicza?<\/h2>\n<p class=\"font-claude-response-body break-words whitespace-normal leading-[1.7]\">Ksi\u0105\u017cki Tomasza Michniewicza s\u0105 po prostu dobre i ka\u017cd\u0105 z nich warto przeczyta\u0107. To, co jest charakterystyczne w narracji i sposobie przedstawiania \u015bwiata przez autora, to:<\/p>\n<ul class=\"[li_&amp;]:mb-0 [li_&amp;]:mt-1.5 [li_&amp;]:gap-1.5 [&amp;:not(:last-child)_ul]:pb-1 [&amp;:not(:last-child)_ol]:pb-1 list-disc flex flex-col gap-2 pl-8 mb-3\">\n<li class=\"whitespace-normal break-words pl-2\"><strong>Ch\u0119\u0107 dotarcia tam, gdzie nikt nie dotar\u0142<\/strong> \u2013 autor nie wybiera utartych szlak\u00f3w<\/li>\n<li class=\"whitespace-normal break-words pl-2\"><strong>Pokazanie prawdy za wszelk\u0105 cen\u0119<\/strong> \u2013 jakkolwiek ta prawda mia\u0142aby wygl\u0105da\u0107<\/li>\n<li class=\"whitespace-normal break-words pl-2\"><strong>Osobiste przemy\u015blenia<\/strong> \u2013 ka\u017cda ksi\u0105\u017cka okraszona jest refleksjami, kt\u00f3re poci\u0105gaj\u0105 do my\u015blenia czytelnika<\/li>\n<li class=\"whitespace-normal break-words pl-2\"><strong>Zdj\u0119cia<\/strong> \u2013 ka\u017cda ksi\u0105\u017cka (opr\u00f3cz <em>Chrobota<\/em>) zawiera sporo fotografii, kt\u00f3re pozwalaj\u0105 poczu\u0107 si\u0119 nam tak, jakby\u015bmy to my byli w d\u017cungli lub Indiach<\/li>\n<\/ul>\n<hr class=\"border-border-200 border-t-0.5 my-3 mx-1.5\" \/>\n<h2 class=\"text-text-100 mt-3 -mb-1 text-[1.125rem] font-bold\">Najnowsza ksi\u0105\u017cka Tomasza Michniewicza (2026)<\/h2>\n<p class=\"font-claude-response-body break-words whitespace-normal leading-[1.7]\">Warto doda\u0107, \u017ce autor pracuje obecnie nad now\u0105 ksi\u0105\u017ck\u0105 \u2013 hybryd\u0105 poradnika, ksi\u0105\u017cki popularnonaukowej i opowie\u015bci z wypraw. Ma by\u0107 to kompendium sprawdzonych technik radzenia sobie ze stresem i trudnymi sytuacjami, oparte na 20 latach do\u015bwiadcze\u0144 z ekspedycji. Premiera planowana jest na pocz\u0105tek 2026 roku.<\/p>\n<hr class=\"border-border-200 border-t-0.5 my-3 mx-1.5\" \/>\n<blockquote class=\"ml-2 border-l-4 border-border-300\/10 pl-4 text-text-300\">\n<p class=\"font-claude-response-body break-words whitespace-normal leading-[1.7]\"><em>&#8222;Czas to jedyny zas\u00f3b w \u017cyciu, kt\u00f3rego nie mo\u017cna odzyska\u0107. Pieni\u0105dze, mi\u0142o\u015b\u0107, szcz\u0119\u015bcie \u2013 to wszystko przychodzi i odchodzi. Ale nie czas.&#8221;<\/em><br \/>\n\u2014 <strong>Tomasz Michniewicz<\/strong><\/p>\n<\/blockquote>\n<hr class=\"border-border-200 border-t-0.5 my-3 mx-1.5\" \/>\n<p class=\"font-claude-response-body break-words whitespace-normal leading-[1.7]\"><strong>Kt\u00f3r\u0105 ksi\u0105\u017ck\u0119 Tomasza Michniewicza czytali\u015bcie? A mo\u017ce macie swojego ulubionego polskiego podr\u00f3\u017cnika? Piszcie w komentarzach!<\/strong><\/p>\n","protected":false},"excerpt":{"rendered":"<p>Tomasz Michniewicz jest jednym z moich ulubionych, jak nie ulubionym podr\u00f3\u017cnikiem m\u0142odego pokolenia. Imponuje mi w nim to, \u017ce pomimo<\/p>\n","protected":false},"author":1,"featured_media":31,"comment_status":"open","ping_status":"open","sticky":false,"template":"","format":"standard","meta":{"colormag_page_container_layout":"default_layout","colormag_page_sidebar_layout":"default_layout","_monsterinsights_skip_tracking":false,"_monsterinsights_sitenote_active":false,"_monsterinsights_sitenote_note":"","_monsterinsights_sitenote_category":0,"_uf_show_specific_survey":0,"_uf_disable_surveys":false,"footnotes":""},"categories":[5],"tags":[],"class_list":["post-30","post","type-post","status-publish","format-standard","has-post-thumbnail","hentry","category-blog"],"aioseo_notices":[],"_links":{"self":[{"href":"https:\/\/www.danielwpodrozy.pl\/index.php\/wp-json\/wp\/v2\/posts\/30","targetHints":{"allow":["GET"]}}],"collection":[{"href":"https:\/\/www.danielwpodrozy.pl\/index.php\/wp-json\/wp\/v2\/posts"}],"about":[{"href":"https:\/\/www.danielwpodrozy.pl\/index.php\/wp-json\/wp\/v2\/types\/post"}],"author":[{"embeddable":true,"href":"https:\/\/www.danielwpodrozy.pl\/index.php\/wp-json\/wp\/v2\/users\/1"}],"replies":[{"embeddable":true,"href":"https:\/\/www.danielwpodrozy.pl\/index.php\/wp-json\/wp\/v2\/comments?post=30"}],"version-history":[{"count":1,"href":"https:\/\/www.danielwpodrozy.pl\/index.php\/wp-json\/wp\/v2\/posts\/30\/revisions"}],"predecessor-version":[{"id":32,"href":"https:\/\/www.danielwpodrozy.pl\/index.php\/wp-json\/wp\/v2\/posts\/30\/revisions\/32"}],"wp:featuredmedia":[{"embeddable":true,"href":"https:\/\/www.danielwpodrozy.pl\/index.php\/wp-json\/wp\/v2\/media\/31"}],"wp:attachment":[{"href":"https:\/\/www.danielwpodrozy.pl\/index.php\/wp-json\/wp\/v2\/media?parent=30"}],"wp:term":[{"taxonomy":"category","embeddable":true,"href":"https:\/\/www.danielwpodrozy.pl\/index.php\/wp-json\/wp\/v2\/categories?post=30"},{"taxonomy":"post_tag","embeddable":true,"href":"https:\/\/www.danielwpodrozy.pl\/index.php\/wp-json\/wp\/v2\/tags?post=30"}],"curies":[{"name":"wp","href":"https:\/\/api.w.org\/{rel}","templated":true}]}}